{"id":2399,"date":"2021-06-21T17:13:05","date_gmt":"2021-06-21T15:13:05","guid":{"rendered":"https:\/\/www.e-teczowakraina.pl\/?p=2399"},"modified":"2021-07-29T10:38:19","modified_gmt":"2021-07-29T08:38:19","slug":"zakonczenie-roku-przedszkolnego-2020-2021","status":"publish","type":"post","link":"https:\/\/www.e-teczowakraina.pl\/index.php\/2021\/06\/21\/zakonczenie-roku-przedszkolnego-2020-2021\/","title":{"rendered":"Zako\u0144czenie Roku Przedszkolnego 2020\/2021"},"content":{"rendered":"<h3 style=\"text-align: center;\"><em><strong>Zako\u0144czenie Roku Przedszkolnego 2020\/2021<\/strong><\/em><\/h3>\n<p style=\"text-align: center;\">\ud83c\udf8a<\/p>\n<p style=\"text-align: center;\">Wszystkie dzieci i Rodzic\u00f3w zapraszamy na<\/p>\n<p style=\"text-align: center;\">uroczyste zako\u0144czenie Roku Przedszkolnego2020\/2021,<\/p>\n<p style=\"text-align: center;\">kt\u00f3re odb\u0119dzie si\u0119 w dniu 30.06.2021 na przedszkolnym ogrodzie.<\/p>\n<p style=\"text-align: center;\">\ud83c\udf89<\/p>\n<p style=\"text-align: center;\">W zwi\u0105zku z obostrzeniami sanitarnymi Rodzic\u00f3w &#8222;<strong>Maluszk\u00f3w<\/strong>&#8221; prosimy o przybycie z dzie\u0107mi na godzin\u0119 <strong>09:30<\/strong>,<\/p>\n<p style=\"text-align: center;\">natomiast Rodzic\u00f3w &#8222;Starszak\u00f3w&#8221; zapraszamy z &#8222;<strong>Troskliwymi Misiami<\/strong>&#8221; i &#8222;<strong>Misiakami<\/strong>&#8221; o godzinie <strong>10:30<\/strong>.<\/p>\n<p style=\"text-align: center;\">\ud83c\udf80<\/p>\n<p style=\"text-align: center;\">Z racji na powy\u017csze na pozosta\u0142\u0105 cz\u0119\u015b\u0107 dnia prosimy o zorganizowanie opieki dla dzieci.<\/p>\n<p style=\"text-align: center;\">Przedszkolaki, kt\u00f3re b\u0119d\u0105 ucz\u0119szcza\u0142y do przedszkola w okresie wakacji, zapraszamy od 01.07.2021 w normalnych godzinach pracy przedszkola.<\/p>\n<p>&nbsp;<\/p>\n<p style=\"text-align: center;\"><img loading=\"lazy\" class=\"alignnone size-medium wp-image-2400\" src=\"https:\/\/www.e-teczowakraina.pl\/wp-content\/uploads\/2021\/07\/i-wanted-a-big-family-but-then-i-met-my-kids-1280x690-1-300x225.jpg\" alt=\"\" width=\"300\" height=\"225\" srcset=\"https:\/\/www.e-teczowakraina.pl\/wp-content\/uploads\/2021\/07\/i-wanted-a-big-family-but-then-i-met-my-kids-1280x690-1-300x225.jpg 300w, https:\/\/www.e-teczowakraina.pl\/wp-content\/uploads\/2021\/07\/i-wanted-a-big-family-but-then-i-met-my-kids-1280x690-1-1024x768.jpg 1024w, https:\/\/www.e-teczowakraina.pl\/wp-content\/uploads\/2021\/07\/i-wanted-a-big-family-but-then-i-met-my-kids-1280x690-1-768x576.jpg 768w, https:\/\/www.e-teczowakraina.pl\/wp-content\/uploads\/2021\/07\/i-wanted-a-big-family-but-then-i-met-my-kids-1280x690-1.jpg 1280w\" sizes=\"(max-width: 300px) 100vw, 300px\" \/><\/p>\n","protected":false},"excerpt":{"rendered":"<p>Zako\u0144czenie Roku Przedszkolnego 2020\/2021 \ud83c\udf8a Wszystkie dzieci i Rodzic\u00f3w zapraszamy na uroczyste zako\u0144czenie Roku Przedszkolnego2020\/2021, kt\u00f3re odb\u0119dzie si\u0119 w dniu 30.06.2021 na przedszkolnym ogrodzie. \ud83c\udf89 W zwi\u0105zku z obostrzeniami sanitarnymi Rodzic\u00f3w &#8222;Maluszk\u00f3w&#8221; prosimy o przybycie z dzie\u0107mi na godzin\u0119 09:30, natomiast Rodzic\u00f3w &#8222;Starszak\u00f3w&#8221; zapraszamy z &#8222;Troskliwymi Misiami&#8221; i &#8222;Misiakami&#8221; o [&hellip;]<\/p>\n","protected":false},"author":1,"featured_media":2400,"comment_status":"closed","ping_status":"closed","sticky":false,"template":"","format":"standard","meta":[],"categories":[1],"tags":[],"_links":{"self":[{"href":"https:\/\/www.e-teczowakraina.pl\/index.php\/wp-json\/wp\/v2\/posts\/2399"}],"collection":[{"href":"https:\/\/www.e-teczowakraina.pl\/index.php\/wp-json\/wp\/v2\/posts"}],"about":[{"href":"https:\/\/www.e-teczowakraina.pl\/index.php\/wp-json\/wp\/v2\/types\/post"}],"author":[{"embeddable":true,"href":"https:\/\/www.e-teczowakraina.pl\/index.php\/wp-json\/wp\/v2\/users\/1"}],"replies":[{"embeddable":true,"href":"https:\/\/www.e-teczowakraina.pl\/index.php\/wp-json\/wp\/v2\/comments?post=2399"}],"version-history":[{"count":1,"href":"https:\/\/www.e-teczowakraina.pl\/index.php\/wp-json\/wp\/v2\/posts\/2399\/revisions"}],"predecessor-version":[{"id":2401,"href":"https:\/\/www.e-teczowakraina.pl\/index.php\/wp-json\/wp\/v2\/posts\/2399\/revisions\/2401"}],"wp:featuredmedia":[{"embeddable":true,"href":"https:\/\/www.e-teczowakraina.pl\/index.php\/wp-json\/wp\/v2\/media\/2400"}],"wp:attachment":[{"href":"https:\/\/www.e-teczowakraina.pl\/index.php\/wp-json\/wp\/v2\/media?parent=2399"}],"wp:term":[{"taxonomy":"category","embeddable":true,"href":"https:\/\/www.e-teczowakraina.pl\/index.php\/wp-json\/wp\/v2\/categories?post=2399"},{"taxonomy":"post_tag","embeddable":true,"href":"https:\/\/www.e-teczowakraina.pl\/index.php\/wp-json\/wp\/v2\/tags?post=2399"}],"curies":[{"name":"wp","href":"https:\/\/api.w.org\/{rel}","templated":true}]}}