{"id":2402,"date":"2021-06-25T17:30:26","date_gmt":"2021-06-25T15:30:26","guid":{"rendered":"https:\/\/www.e-teczowakraina.pl\/?p=2402"},"modified":"2021-07-29T10:38:02","modified_gmt":"2021-07-29T08:38:02","slug":"wakacje","status":"publish","type":"post","link":"https:\/\/www.e-teczowakraina.pl\/index.php\/2021\/06\/25\/wakacje\/","title":{"rendered":"Wakacje!"},"content":{"rendered":"<h3 style=\"text-align: center;\"><em><strong>Wakacje!<\/strong><\/em><\/h3>\n<p style=\"text-align: center;\">\ud83c\udf1e<\/p>\n<p style=\"text-align: center;\">Wszystkim Przedszkolakom i ich Rodzicom<\/p>\n<p style=\"text-align: center;\">\u017cyczymy<\/p>\n<p style=\"text-align: center;\">wspania\u0142ych, roze\u015bmianych i bezpiecznych wakacji!<\/p>\n<p style=\"text-align: center;\">\ud83c\udfd6<\/p>\n<p style=\"text-align: center;\">Niech ten letni czas b\u0119dzie pe\u0142en niezapomnianych chwil i wra\u017ce\u0144!<\/p>\n<p style=\"text-align: center;\">\ud83c\udfdd<\/p>\n<p>&nbsp;<\/p>\n<p>&nbsp;<\/p>\n<p style=\"text-align: center;\">Dyrekcja i ca\u0142e Grono Pedagogiczne \ud83d\ude04<\/p>\n<p>&nbsp;<\/p>\n<p style=\"text-align: center;\"><img loading=\"lazy\" class=\"alignnone size-medium wp-image-2403\" src=\"https:\/\/www.e-teczowakraina.pl\/wp-content\/uploads\/2021\/07\/kids-holiday-1-e1453908624147-300x199.jpg\" alt=\"\" width=\"300\" height=\"199\" srcset=\"https:\/\/www.e-teczowakraina.pl\/wp-content\/uploads\/2021\/07\/kids-holiday-1-e1453908624147-300x199.jpg 300w, https:\/\/www.e-teczowakraina.pl\/wp-content\/uploads\/2021\/07\/kids-holiday-1-e1453908624147-1024x680.jpg 1024w, https:\/\/www.e-teczowakraina.pl\/wp-content\/uploads\/2021\/07\/kids-holiday-1-e1453908624147-768x510.jpg 768w, https:\/\/www.e-teczowakraina.pl\/wp-content\/uploads\/2021\/07\/kids-holiday-1-e1453908624147.jpg 1029w\" sizes=\"(max-width: 300px) 100vw, 300px\" \/><\/p>\n","protected":false},"excerpt":{"rendered":"<p>Wakacje! \ud83c\udf1e Wszystkim Przedszkolakom i ich Rodzicom \u017cyczymy wspania\u0142ych, roze\u015bmianych i bezpiecznych wakacji! \ud83c\udfd6 Niech ten letni czas b\u0119dzie pe\u0142en niezapomnianych chwil i wra\u017ce\u0144! \ud83c\udfdd &nbsp; &nbsp; Dyrekcja i ca\u0142e Grono Pedagogiczne \ud83d\ude04 &nbsp;<\/p>\n","protected":false},"author":1,"featured_media":2403,"comment_status":"closed","ping_status":"closed","sticky":false,"template":"","format":"standard","meta":[],"categories":[1],"tags":[],"_links":{"self":[{"href":"https:\/\/www.e-teczowakraina.pl\/index.php\/wp-json\/wp\/v2\/posts\/2402"}],"collection":[{"href":"https:\/\/www.e-teczowakraina.pl\/index.php\/wp-json\/wp\/v2\/posts"}],"about":[{"href":"https:\/\/www.e-teczowakraina.pl\/index.php\/wp-json\/wp\/v2\/types\/post"}],"author":[{"embeddable":true,"href":"https:\/\/www.e-teczowakraina.pl\/index.php\/wp-json\/wp\/v2\/users\/1"}],"replies":[{"embeddable":true,"href":"https:\/\/www.e-teczowakraina.pl\/index.php\/wp-json\/wp\/v2\/comments?post=2402"}],"version-history":[{"count":2,"href":"https:\/\/www.e-teczowakraina.pl\/index.php\/wp-json\/wp\/v2\/posts\/2402\/revisions"}],"predecessor-version":[{"id":2405,"href":"https:\/\/www.e-teczowakraina.pl\/index.php\/wp-json\/wp\/v2\/posts\/2402\/revisions\/2405"}],"wp:featuredmedia":[{"embeddable":true,"href":"https:\/\/www.e-teczowakraina.pl\/index.php\/wp-json\/wp\/v2\/media\/2403"}],"wp:attachment":[{"href":"https:\/\/www.e-teczowakraina.pl\/index.php\/wp-json\/wp\/v2\/media?parent=2402"}],"wp:term":[{"taxonomy":"category","embeddable":true,"href":"https:\/\/www.e-teczowakraina.pl\/index.php\/wp-json\/wp\/v2\/categories?post=2402"},{"taxonomy":"post_tag","embeddable":true,"href":"https:\/\/www.e-teczowakraina.pl\/index.php\/wp-json\/wp\/v2\/tags?post=2402"}],"curies":[{"name":"wp","href":"https:\/\/api.w.org\/{rel}","templated":true}]}}