{"id":2472,"date":"2021-09-28T19:45:50","date_gmt":"2021-09-28T17:45:50","guid":{"rendered":"https:\/\/www.e-teczowakraina.pl\/?p=2472"},"modified":"2021-09-28T19:45:51","modified_gmt":"2021-09-28T17:45:51","slug":"dziecko-nie-chce-chodzic-do-przedszkola-podpowiadamy","status":"publish","type":"post","link":"https:\/\/www.e-teczowakraina.pl\/index.php\/2021\/09\/28\/dziecko-nie-chce-chodzic-do-przedszkola-podpowiadamy\/","title":{"rendered":"Dziecko nie chce chodzi\u0107 do przedszkola? Podpowiadamy!"},"content":{"rendered":"<h2 style=\"text-align: center;\"><img loading=\"lazy\" class=\"alignnone size-medium wp-image-2474\" src=\"https:\/\/www.e-teczowakraina.pl\/wp-content\/uploads\/2021\/09\/1502167-300x200.jpg\" alt=\"\" width=\"300\" height=\"200\" srcset=\"https:\/\/www.e-teczowakraina.pl\/wp-content\/uploads\/2021\/09\/1502167-300x200.jpg 300w, https:\/\/www.e-teczowakraina.pl\/wp-content\/uploads\/2021\/09\/1502167-1024x683.jpg 1024w, https:\/\/www.e-teczowakraina.pl\/wp-content\/uploads\/2021\/09\/1502167-768x512.jpg 768w, https:\/\/www.e-teczowakraina.pl\/wp-content\/uploads\/2021\/09\/1502167.jpg 1200w\" sizes=\"(max-width: 300px) 100vw, 300px\" \/><\/h2>\n<h2><\/h2>\n<h2 style=\"text-align: center;\">Dziecko nie chce chodzi\u0107 do przedszkola \u2013 sk\u0105d ta niech\u0119\u0107?<\/h2>\n<div class=\"page-description\">\n<div class=\"lead\">\u00a0\u00a0\u00a0\u00a0\u00a0\u00a0\u00a0\u00a0 Niemal ka\u017cde dziecko nie chce chodzi\u0107 do przedszkola na pocz\u0105tku swojej przygody z t\u0105 instytucj\u0105. To normalna reakcja, w ko\u0144cu p\u00f3j\u015bcie do przedszkola to ogromna zmiana w \u017cyciu kilkulatka, kt\u00f3ry ma prawo czu\u0107 si\u0119 niepewnie i protestowa\u0107. Zwykle dramatycznie okazywana niech\u0119\u0107 mija po okresie adaptacyjnym. Co w tym pomaga?<\/div>\n<\/div>\n<div class=\"content\">\n<div class=\"ad placement filled-ad\"><\/div>\n<div>\u00a0\u00a0\u00a0\u00a0\u00a0\u00a0\u00a0\u00a0 Do przedszkola zwykle przyjmuje si\u0119 dzieci, kt\u00f3re sko\u0144czy\u0142y trzy lata. Jednak nie ka\u017cdy trzylatek jest gotowy do rozstania z mam\u0105. To, \u017ce tak ma\u0142e dziecko nie chce chodzi\u0107 do przedszkola, jest normaln\u0105, a wr\u0119cz prawid\u0142ow\u0105 reakcj\u0105. W przedszkolu wszystko jest nowe: s\u0105 opiekunki zamiast mamy, babci czy niani, jest inne otoczenie i grupa dzieci, z kt\u00f3rymi trzeba dzieli\u0107 si\u0119 uwag\u0105 opiekunek. To naprawd\u0119 trudne dla malucha, kt\u00f3ry do tej pory mia\u0142 dla siebie ca\u0142\u0105 uwag\u0119 najbli\u017cszych.<\/p>\n<p>Wyja\u015bnimy przyczyny niech\u0119ci do przedszkola i podajemy sposoby, jak sobie z ni\u0105 radzi\u0107.<\/p><\/div>\n<\/div>\n<div><\/div>\n<div>\n<h2 style=\"text-align: center;\">Dlaczego dziecko nie chce chodzi\u0107 do przedszkola?<\/h2>\n<div>\u00a0\u00a0\u00a0\u00a0\u00a0\u00a0\u00a0\u00a0 Pierwsze dni w przedszkolu\u00a0na og\u00f3\u0142 bywaj\u0105 trudne. Niekt\u00f3re dzieci demonstruj\u0105 swoj\u0105 niech\u0119\u0107 do przedszkola ju\u017c od pierwszego dnia. Inne dopiero po kilku pozornie udanych dniach. Tak zwykle zachowuj\u0105 si\u0119 dzieci, kt\u00f3rych\u00a0 <strong>wyobra\u017cenia o przedszkolu\u00a0<\/strong>nie zgadzaj\u0105 si\u0119 z rzeczywisto\u015bci\u0105.<\/div>\n<p>Rodzice cz\u0119sto upatruj\u0105 przyczyny niech\u0119ci w niemi\u0142ej pani albo niesmacznych obiadach. Tymczasem pow\u00f3d jest inny. Trzyletni malec silnie\u00a0 <strong>prze\u017cywa roz\u0142\u0105k\u0119 z mam\u0105<\/strong>\u00a0lub inn\u0105 osob\u0105, kt\u00f3ra dotychczas si\u0119 nim opiekowa\u0142a. Je\u015bli przez wiele dni przy rozstaniu z rodzicami dziecko p\u0142acze, trzeba mu pom\u00f3c. Warto np. przez jaki\u015b czas odbiera\u0107 je tu\u017c po obiedzie. Bywa, \u017ce maluchowi pomaga zabrana z domu ulubiona przytulanka.<\/p>\n<p>Wa\u017cne, aby pomimo trudno\u015bci zawsze wyra\u017ca\u0107 si\u0119 o przedszkolu pozytywnie i wspomina\u0107 w\u0142asne pozytywne do\u015bwiadczenia. Zazwyczaj po miesi\u0105cu lub dw\u00f3ch problem znika.<\/p>\n<div class=\"special-container\">\u00a0\u00a0\u00a0\u00a0\u00a0\u00a0\u00a0\u00a0 Protesty dziecka w domu czy w drzwiach przedszkola, kt\u00f3re\u00a0 <strong>trwaj\u0105 maksimum do 3 miesi\u0119cy<\/strong>, s\u0105\u00a0norm\u0105. Tyle czasu potrzebuj\u0105 niekt\u00f3re dzieci, aby zaakceptowa\u0107\u00a0nowy tryb \u017cycia.<\/div>\n<div><strong>Je\u015bli mijaj\u0105 3 miesi\u0105ce<\/strong>, a dziecko nadal nie chce chodzi\u0107 do przedszkola, warto zag\u0142\u0119bi\u0107 problem. By\u0107 mo\u017ce maluch\u00a0zmaga si\u0119 w przedszkolu z jakim\u015b problemem i pr\u00f3buje unikn\u0105\u0107\u00a0ponownego nara\u017cenia si\u0119 na nieprzyjemno\u015bci. \u0179r\u00f3d\u0142em stresu mo\u017ce by\u0107 zar\u00f3wno opiekunka grupy lub inne dziecko.<\/div>\n<\/div>\n<div><\/div>\n<div><\/div>\n<div>\n<h2 style=\"text-align: center;\">Dziecko nie chce chodzi\u0107 do przedszkola: rady dla rodzic\u00f3w<\/h2>\n<p>W okresie adaptacyjnym bardzo wa\u017cne jest nastawienie rodzic\u00f3w i ich dzia\u0142anie. Spok\u00f3j rodzica, kt\u00f3ry odprowadza malucha do przedszkola i rado\u015b\u0107, gdy go odbiera, to dla malca wa\u017cne wsparcie.<\/p>\n<p>Co jeszcze mo\u017ce pom\u00f3c dziecku:<\/p>\n<ul>\n<li>Nie wstawaj\u00a0na ostatni\u0105 chwil\u0119, aby wyj\u015bcie z domu do przedszkola nie przebiega\u0142o w nerwowej atmosferze.<\/li>\n<li>Nie zagl\u0105daj do sali ju\u017c po po\u017cegnaniu si\u0119 z dzieckiem. Gdy maluch\u00a0zauwa\u017cy mam\u0119 lub tat\u0119, zn\u00f3w zacznie p\u0142aka\u0107.<\/li>\n<li>Nie sp\u00f3\u017aniaj si\u0119. Je\u015bli obiecasz, \u017ce odbierzesz malucha zaraz po obiedzie, dotrzymaj s\u0142owa.<\/li>\n<li>Nie pytaj codziennie, co dzi\u015b dziecko jad\u0142o i czy zjad\u0142o wszystko.<\/li>\n<li>Nigdy nie strasz przedszkolem, powtarzaj\u0105c np.: \u201eNie chcesz posprz\u0105ta\u0107 zabawek? W przedszkolu b\u0119dziesz musia\u0142 to robi\u0107\u201d.<\/li>\n<li>Nie ubieraj malca w ciasne ubranka albo takie, kt\u00f3re trudno w\u0142o\u017cy\u0107 i zdj\u0105\u0107.<\/li>\n<\/ul>\n<\/div>\n<p>Po odebraniu dziecka z przedszkola, pytaj, co dzi\u015b fajnego\/\u015bmiesznego wydarzy\u0142o si\u0119 w przedszkolu? Co ci si\u0119 najbardziej tam podoba\u0142o? Czy chcesz mi opowiedzie\u0107 o swoim dzisiejszym dniu w przedszkolu? Stawiaj otwarte pytania, kt\u00f3re pomog\u0105 dziecku opowiada\u0107. Nie pytaj: Byli\u015bcie na dworze? Zjad\u0142e\u015b obiad? Spa\u0142e\u015b na le\u017cakowaniu? Na takie pytania dziecko mo\u017ce odpowiedzie\u0107 jednym s\u0142owem: tak lub nie. I z rozmowy nici.<\/p>\n<p>Gdy tygodnie mijaj\u0105, a dziecko nie chce chodzi\u0107 przedszkola, albo gdy ju\u017c by\u0142o dobrze, a malec nagle rano zaczyna protestowa\u0107, zacznij od rozmowy. Spr\u00f3buj wypyta\u0107, dlaczego nie chce chodzi\u0107 do przedszkola. Mo\u017ce\u00a0 przedszkolna podstawa programowa\u00a0jest zbyt wymagaj\u0105ca \u2013 dziecko nie umie rysowa\u0107 czy lepi\u0107 tak jak inne dzieci i si\u0119 tego wstydzi? Kto\u015b si\u0119 z niego wy\u015bmiewa? Pytaj o panie opiekunki, pytaj o koleg\u00f3w i kole\u017canki, o to, co dzieci robi\u0105 w ci\u0105gu dnia. Mo\u017ce si\u0119 czego\u015b dowiesz. Je\u015bli si\u0119 uda, trzeba zweryfikowa\u0107 informacje w rozmowie z nauczycielk\u0105.<\/p>\n<p>Porozmawiaj z opiekunkami grupy, do kt\u00f3rej nale\u017cy twoje dziecko. Zdarza si\u0119, \u017ce dziecko jest niegotowe do rozstania z rodzin\u0105 i swoim domem, co mo\u017ce wynika\u0107 z r\u00f3\u017cnego rodzaju problem\u00f3w rozwojowych. Dobre przedszkolanki potrafi\u0105 oceni\u0107, czy maluch prawid\u0142owo funkcjonuje w grupie przedszkolnej, czy ma jakie\u015b problemy, kt\u00f3rymi warto si\u0119 zaj\u0105\u0107 zanim p\u00f3jdzie do szko\u0142y. By\u0107 mo\u017ce potrzebna b\u0119dzie pomoc psychologa dzieci\u0119cego, a by\u0107 mo\u017ce malec potrzebuje jeszcze np. 6-12 miesi\u0119cy, aby dojrze\u0107 do przedszkola.<\/p>\n<p>&nbsp;<\/p>\n<h2 style=\"text-align: center;\">Co zrobi\u0107, \u017ceby unikn\u0105\u0107 niech\u0119ci dziecka do przedszkola<\/h2>\n<p>Wi\u0119kszo\u015b\u0107 dzieci do\u015b\u0107 szybko akceptuje przedszkolne warunki i towarzystwo. Najcz\u0119\u015bciej s\u0105 to dzieci, kt\u00f3re zosta\u0142y przez rodzic\u00f3w odpowiednio przygotowane do p\u00f3j\u015bcia do przedszkola. Udana adaptacja przedszkolna zale\u017cy m.in. od tego, czy <strong>\u00a0<\/strong> <strong>dziecko jest samodzielne<\/strong>\u00a0i\u00a0czy by\u0142o ju\u017c kiedy\u015b pod opiek\u0105 kogo\u015b innego ni\u017c mama.<\/p>\n<p>Psychologowie s\u0105 przekonani, \u017ce\u00a0 <strong>debiut przedszkolny<\/strong>\u00a0jest o wiele \u0142atwiejszy, gdy malec bez problem\u00f3w:<\/p>\n<ul>\n<li>samodzielnie korzysta z toalety<\/li>\n<li>sprawnie ubiera si\u0119, pos\u0142uguje sztu\u0107cami<\/li>\n<li>umie bawi\u0107 si\u0119 z innymi dzie\u0107mi i potrafi czerpa\u0107 rado\u015b\u0107 ze wsp\u00f3lnego dzia\u0142ania.<\/li>\n<\/ul>\n<p>Im dziecko jest bardziej samodzielne, tym czuje si\u0119 pewniej w nowych warunkach. Dlatego zanim wy\u015ble si\u0119 dziecko do przedszkola, warto zawczasu popracowa\u0107 nad jego samodzielno\u015bci\u0105.<\/p>\n<p>Aby trzyletni malec wszed\u0142 mo\u017cliwie naj\u0142agodniej w rytm przedszkolnego \u017cycia, powinien wcze\u015bniej pozna\u0107 miejsce, w kt\u00f3rym b\u0119dzie przez najbli\u017csze lata sp\u0119dza\u0142 wi\u0119ksz\u0105 cz\u0119\u015b\u0107 dnia. Dobrze by by\u0142o, aby wcze\u015bniej odwiedzi\u0142 przedszkole, razem z rodzicami zapozna\u0142 si\u0119 z placem zabaw, dowiedzia\u0142 si\u0119, jak wygl\u0105da przedszkolne \u017cycie \u2013 w\u0142a\u015bnie temu s\u0142u\u017c\u0105 przedwakacyjne\u00a0 zaj\u0119cia adaptacyjne. Idealnie by\u0142oby, gdyby zna\u0142 cho\u0107 jedno dziecko, z kt\u00f3rym b\u0119dzie w przedszkolnej grupie.<\/p>\n<p>&nbsp;<\/p>\n<h5 style=\"text-align: right;\">Cyt. za: <a href=\"https:\/\/mamotoja.pl\/niechec-do-przedszkola,problemy-wychowawcze-artykul,6612,r1p1.html\" target=\"_blank\" rel=\"noopener\">https:\/\/mamotoja.pl\/niechec-do-przedszkola,problemy-wychowawcze-artykul,6612,r1p1.html<\/a><br \/>\n<em><strong>Konsultacja:<\/strong>\u00a0Joanna Bia\u0142obrzeska, pedagog, dyrektorka przedszkola Didasko, kt\u00f3re jest prowadzone wed\u0142ug jej autorskiego programu.<\/em><\/h5>\n","protected":false},"excerpt":{"rendered":"<p>Dziecko nie chce chodzi\u0107 do przedszkola \u2013 sk\u0105d ta niech\u0119\u0107? \u00a0\u00a0\u00a0\u00a0\u00a0\u00a0\u00a0\u00a0 Niemal ka\u017cde dziecko nie chce chodzi\u0107 do przedszkola na pocz\u0105tku swojej przygody z t\u0105 instytucj\u0105. To normalna reakcja, w ko\u0144cu p\u00f3j\u015bcie do przedszkola to ogromna zmiana w \u017cyciu kilkulatka, kt\u00f3ry ma prawo czu\u0107 si\u0119 niepewnie i protestowa\u0107. Zwykle dramatycznie [&hellip;]<\/p>\n","protected":false},"author":1,"featured_media":2474,"comment_status":"open","ping_status":"open","sticky":false,"template":"","format":"standard","meta":[],"categories":[1],"tags":[],"_links":{"self":[{"href":"https:\/\/www.e-teczowakraina.pl\/index.php\/wp-json\/wp\/v2\/posts\/2472"}],"collection":[{"href":"https:\/\/www.e-teczowakraina.pl\/index.php\/wp-json\/wp\/v2\/posts"}],"about":[{"href":"https:\/\/www.e-teczowakraina.pl\/index.php\/wp-json\/wp\/v2\/types\/post"}],"author":[{"embeddable":true,"href":"https:\/\/www.e-teczowakraina.pl\/index.php\/wp-json\/wp\/v2\/users\/1"}],"replies":[{"embeddable":true,"href":"https:\/\/www.e-teczowakraina.pl\/index.php\/wp-json\/wp\/v2\/comments?post=2472"}],"version-history":[{"count":1,"href":"https:\/\/www.e-teczowakraina.pl\/index.php\/wp-json\/wp\/v2\/posts\/2472\/revisions"}],"predecessor-version":[{"id":2475,"href":"https:\/\/www.e-teczowakraina.pl\/index.php\/wp-json\/wp\/v2\/posts\/2472\/revisions\/2475"}],"wp:featuredmedia":[{"embeddable":true,"href":"https:\/\/www.e-teczowakraina.pl\/index.php\/wp-json\/wp\/v2\/media\/2474"}],"wp:attachment":[{"href":"https:\/\/www.e-teczowakraina.pl\/index.php\/wp-json\/wp\/v2\/media?parent=2472"}],"wp:term":[{"taxonomy":"category","embeddable":true,"href":"https:\/\/www.e-teczowakraina.pl\/index.php\/wp-json\/wp\/v2\/categories?post=2472"},{"taxonomy":"post_tag","embeddable":true,"href":"https:\/\/www.e-teczowakraina.pl\/index.php\/wp-json\/wp\/v2\/tags?post=2472"}],"curies":[{"name":"wp","href":"https:\/\/api.w.org\/{rel}","templated":true}]}}