{"id":2481,"date":"2021-09-28T20:06:04","date_gmt":"2021-09-28T18:06:04","guid":{"rendered":"https:\/\/www.e-teczowakraina.pl\/?p=2481"},"modified":"2022-02-07T16:16:09","modified_gmt":"2022-02-07T15:16:09","slug":"wycieczka-do-teatru-lalek-banialuka-w-bielsku-bialej","status":"publish","type":"post","link":"https:\/\/www.e-teczowakraina.pl\/index.php\/2021\/09\/28\/wycieczka-do-teatru-lalek-banialuka-w-bielsku-bialej\/","title":{"rendered":"Wycieczka do Teatru Lalek Banialuka w Bielsku Bia\u0142ej"},"content":{"rendered":"<div class=\"default-style\">\n<h2 style=\"text-align: center;\">Drodzy Rodzice!<\/h2>\n<div class=\"default-style\" style=\"text-align: center;\">Uprzejmie informujemy, \u017ce w dniu <b>2 grudnia<\/b> (tj. czwartek)<\/div>\n<div class=\"default-style\" style=\"text-align: center;\">odb\u0119dzie si\u0119 <strong>wycieczka do Teatru Lalek Banialuka w Bielsku Bia\u0142ej na przedstawienie \u015bwi\u0105teczne\u00a0<em>Amelka<\/em><\/strong><\/div>\n<div class=\"default-style\" style=\"text-align: center;\">Planowana godzina wyjazdu: 10:15<\/div>\n<div class=\"default-style\" style=\"text-align: center;\">Planowana godzina powrotu: 13:30*<\/div>\n<\/div>\n<div style=\"text-align: center;\"><\/div>\n<div style=\"text-align: center;\"><img loading=\"lazy\" class=\"alignnone size-medium wp-image-2482\" src=\"https:\/\/www.e-teczowakraina.pl\/wp-content\/uploads\/2021\/09\/family-on-car-driving-to-travel-vector-8314566-264x300.jpg\" alt=\"\" width=\"264\" height=\"300\" srcset=\"https:\/\/www.e-teczowakraina.pl\/wp-content\/uploads\/2021\/09\/family-on-car-driving-to-travel-vector-8314566-264x300.jpg 264w, https:\/\/www.e-teczowakraina.pl\/wp-content\/uploads\/2021\/09\/family-on-car-driving-to-travel-vector-8314566.jpg 768w\" sizes=\"(max-width: 264px) 100vw, 264px\" \/><\/div>\n<div class=\"default-style\">\n<div class=\"default-style\"><\/div>\n<div class=\"default-style\">\u00a0\u00a0\u00a0\u00a0\u00a0\u00a0\u00a0\u00a0 ! W dniu wycieczki obiad zostanie podany p\u00f3\u017aniej w zwi\u0105zku z powy\u017cszym, Rodzic\u00f3w dzieci, kt\u00f3rzy zadeklaruj\u0105 wcze\u015bniej ch\u0119\u0107 pozostawienia dziecka na obiedzie, prosimy o <strong>odbi\u00f3r dzieci od godziny 15:00<\/strong><\/div>\n<div class=\"default-style\"><\/div>\n<div class=\"default-style\">\u00a0\u00a0\u00a0\u00a0\u00a0\u00a0\u00a0\u00a0 Z kwestii organizacyjnych:<\/div>\n<div class=\"default-style\">* w zwi\u0105zku z tym, \u017ce wybieramy si\u0119 do miejsca kultury jakim jest teatr dzieci nie b\u0119d\u0105 mia\u0142y mo\u017cliwo\u015bci spo\u017cycia posi\u0142ku podczas spektaklu, nie jest wi\u0119c konieczne wyposa\u017canie w suchy prowiant. Przerwa mi\u0119dzy 2 \u015bniadaniem a obiadem wyniesie ok 4h<\/div>\n<\/div>\n<div class=\"io-ox-signature\">\n<div class=\"default-style\">\n<div class=\"default-style\">* Uprzejmie prosimy Rodzic\u00f3w by w miar\u0119 mo\u017cliwo\u015bci dzieci by\u0142y ubrane stosownie do miejsca w kt\u00f3re si\u0119 udaj\u0105<\/div>\n<div class=\"default-style\"><\/div>\n<div class=\"default-style\">\u00a0\u00a0\u00a0\u00a0\u00a0\u00a0\u00a0\u00a0 Osoby ch\u0119tne uprzejmie prosimy o wpisanie si\u0119 na list\u0119 najp\u00f3\u017aniej do dnia 18\/11\u00a0 Wszelkie niezb\u0119dne zgody i dokumenty b\u0119d\u0105 przekazane do wype\u0142nienia w przedszkolu.<\/div>\n<\/div>\n<\/div>\n","protected":false},"excerpt":{"rendered":"<p>Drodzy Rodzice! Uprzejmie informujemy, \u017ce w dniu 2 grudnia (tj. czwartek) odb\u0119dzie si\u0119 wycieczka do Teatru Lalek Banialuka w Bielsku Bia\u0142ej na przedstawienie \u015bwi\u0105teczne\u00a0Amelka Planowana godzina wyjazdu: 10:15 Planowana godzina powrotu: 13:30* \u00a0\u00a0\u00a0\u00a0\u00a0\u00a0\u00a0\u00a0 ! W dniu wycieczki obiad zostanie podany p\u00f3\u017aniej w zwi\u0105zku z powy\u017cszym, Rodzic\u00f3w dzieci, kt\u00f3rzy zadeklaruj\u0105 wcze\u015bniej [&hellip;]<\/p>\n","protected":false},"author":1,"featured_media":2482,"comment_status":"closed","ping_status":"open","sticky":false,"template":"","format":"standard","meta":[],"categories":[1],"tags":[],"_links":{"self":[{"href":"https:\/\/www.e-teczowakraina.pl\/index.php\/wp-json\/wp\/v2\/posts\/2481"}],"collection":[{"href":"https:\/\/www.e-teczowakraina.pl\/index.php\/wp-json\/wp\/v2\/posts"}],"about":[{"href":"https:\/\/www.e-teczowakraina.pl\/index.php\/wp-json\/wp\/v2\/types\/post"}],"author":[{"embeddable":true,"href":"https:\/\/www.e-teczowakraina.pl\/index.php\/wp-json\/wp\/v2\/users\/1"}],"replies":[{"embeddable":true,"href":"https:\/\/www.e-teczowakraina.pl\/index.php\/wp-json\/wp\/v2\/comments?post=2481"}],"version-history":[{"count":1,"href":"https:\/\/www.e-teczowakraina.pl\/index.php\/wp-json\/wp\/v2\/posts\/2481\/revisions"}],"predecessor-version":[{"id":2483,"href":"https:\/\/www.e-teczowakraina.pl\/index.php\/wp-json\/wp\/v2\/posts\/2481\/revisions\/2483"}],"wp:featuredmedia":[{"embeddable":true,"href":"https:\/\/www.e-teczowakraina.pl\/index.php\/wp-json\/wp\/v2\/media\/2482"}],"wp:attachment":[{"href":"https:\/\/www.e-teczowakraina.pl\/index.php\/wp-json\/wp\/v2\/media?parent=2481"}],"wp:term":[{"taxonomy":"category","embeddable":true,"href":"https:\/\/www.e-teczowakraina.pl\/index.php\/wp-json\/wp\/v2\/categories?post=2481"},{"taxonomy":"post_tag","embeddable":true,"href":"https:\/\/www.e-teczowakraina.pl\/index.php\/wp-json\/wp\/v2\/tags?post=2481"}],"curies":[{"name":"wp","href":"https:\/\/api.w.org\/{rel}","templated":true}]}}