{"id":2585,"date":"2022-04-03T18:42:06","date_gmt":"2022-04-03T16:42:06","guid":{"rendered":"https:\/\/www.e-teczowakraina.pl\/?p=2585"},"modified":"2022-04-03T18:46:23","modified_gmt":"2022-04-03T16:46:23","slug":"wycieczka-do-sztolni-czarnego-pstraga","status":"publish","type":"post","link":"https:\/\/www.e-teczowakraina.pl\/index.php\/2022\/04\/03\/wycieczka-do-sztolni-czarnego-pstraga\/","title":{"rendered":"\ud83d\ude8c Wycieczka do sztolni Czarnego Pstr\u0105ga \ud83d\ude8c"},"content":{"rendered":"<h2 style=\"text-align: center;\"><span class=\"tojvnm2t a6sixzi8 abs2jz4q a8s20v7p t1p8iaqh k5wvi7nf q3lfd5jv pk4s997a bipmatt0 cebpdrjk qowsmv63 owwhemhu dp1hu0rb dhp61c6y iyyx5f41\">\ud83d\ude8c Drodzy Rodzice! \ud83d\ude8c<br \/>\n<\/span><\/h2>\n<p style=\"text-align: center;\"><span class=\"tojvnm2t a6sixzi8 abs2jz4q a8s20v7p t1p8iaqh k5wvi7nf q3lfd5jv pk4s997a bipmatt0 cebpdrjk qowsmv63 owwhemhu dp1hu0rb dhp61c6y iyyx5f41\">Uprzejmie informujemy, \u017ce w dniu <strong>25.04.2022<\/strong> (tj. poniedzia\u0142ek) <\/span><\/p>\n<p style=\"text-align: center;\"><span class=\"tojvnm2t a6sixzi8 abs2jz4q a8s20v7p t1p8iaqh k5wvi7nf q3lfd5jv pk4s997a bipmatt0 cebpdrjk qowsmv63 owwhemhu dp1hu0rb dhp61c6y iyyx5f41\">odb\u0119dzie si\u0119 <strong>wycieczka do sztolni Czarnego Pstr\u0105ga w Tarnowskich G\u00f3rach<\/strong>. <\/span><\/p>\n<p>&nbsp;<\/p>\n<p style=\"text-align: center;\"><span class=\"tojvnm2t a6sixzi8 abs2jz4q a8s20v7p t1p8iaqh k5wvi7nf q3lfd5jv pk4s997a bipmatt0 cebpdrjk qowsmv63 owwhemhu dp1hu0rb dhp61c6y iyyx5f41\">Planowana godz wyjazdu: <strong>9.00<\/strong><br \/>\nPlanowana godz powrotu <strong>15:00<\/strong><br \/>\nKoszt: <strong>90 z\u0142<\/strong><br \/>\n( w cenie przejazd, zwiedzanie, przewodnik, sp\u0142yw dla starszych dzieci, spotkanie ze skarbnikiem) <\/span><\/p>\n<p>&nbsp;<\/p>\n<p style=\"text-align: center;\"><span class=\"tojvnm2t a6sixzi8 abs2jz4q a8s20v7p t1p8iaqh k5wvi7nf q3lfd5jv pk4s997a bipmatt0 cebpdrjk qowsmv63 owwhemhu dp1hu0rb dhp61c6y iyyx5f41\">W zwi\u0105zku z powy\u017cszym w tym dniu dzieci nie b\u0119d\u0105 jad\u0142y w przedszkolu obiadu i podwieczorku. Prosimy wi\u0119c o zaopatrzenie ka\u017cdego przedszkolaka w wygodny i dopasowany <strong>plecak<\/strong> (nie worek), <strong>wod\u0119<\/strong>, <strong>kanapki<\/strong>, <strong>zdrowe przek\u0105ski<\/strong>, <strong>owoc<\/strong> ( za wyj\u0105tkiem banana) w ramach obiadu i podwieczorku. <\/span><\/p>\n<p style=\"text-align: center;\"><span class=\"tojvnm2t a6sixzi8 abs2jz4q a8s20v7p t1p8iaqh k5wvi7nf q3lfd5jv pk4s997a bipmatt0 cebpdrjk qowsmv63 owwhemhu dp1hu0rb dhp61c6y iyyx5f41\">Osoby zainteresowane prosimy o wype\u0142nienie w przedszkolu odpowiednich dokument\u00f3w oraz dokonanie wp\u0142aty do dnia <strong>20.04.2022<\/strong> (tj. \u015broda). <\/span><\/p>\n<p style=\"text-align: center;\"><span class=\"tojvnm2t a6sixzi8 abs2jz4q a8s20v7p t1p8iaqh k5wvi7nf q3lfd5jv pk4s997a bipmatt0 cebpdrjk qowsmv63 owwhemhu dp1hu0rb dhp61c6y iyyx5f41\">W zwi\u0105zku z tym, \u017ce wycieczka jest organizowana dla ca\u0142ego przedszkola, osoby, kt\u00f3rych dzieci nie b\u0119d\u0105 uczestniczy\u0142y w wycieczce prosimy o zorganizowanie w tym dniu opieki nad dzie\u0107mi we w\u0142asnym zakresie.<\/span><\/p>\n<p>&nbsp;<\/p>\n<h4 style=\"text-align: center;\">\ud83d\ude8c Serdecznie zapraszamy wszystkich ch\u0119tnych! \ud83d\ude42 \ud83d\ude8c<\/h4>\n<div id=\"attachment_2586\" class=\"wp-caption aligncenter\"><img aria-describedby=\"caption-attachment-2586\" loading=\"lazy\" class=\" wp-image-2586\" src=\"https:\/\/www.e-teczowakraina.pl\/wp-content\/uploads\/2022\/04\/little-kids-on-a-hiking-trip-vector-21060119-300x186.jpg\" alt=\"\" width=\"329\" height=\"204\" srcset=\"https:\/\/www.e-teczowakraina.pl\/wp-content\/uploads\/2022\/04\/little-kids-on-a-hiking-trip-vector-21060119-300x186.jpg 300w, https:\/\/www.e-teczowakraina.pl\/wp-content\/uploads\/2022\/04\/little-kids-on-a-hiking-trip-vector-21060119-768x477.jpg 768w, https:\/\/www.e-teczowakraina.pl\/wp-content\/uploads\/2022\/04\/little-kids-on-a-hiking-trip-vector-21060119.jpg 970w\" sizes=\"(max-width: 329px) 100vw, 329px\" \/><p id=\"caption-attachment-2586\" class=\"wp-caption-text\">\u0179r\u00f3d\u0142o: VectorStock<\/p><\/div>\n","protected":false},"excerpt":{"rendered":"<p>\ud83d\ude8c Drodzy Rodzice! \ud83d\ude8c Uprzejmie informujemy, \u017ce w dniu 25.04.2022 (tj. poniedzia\u0142ek) odb\u0119dzie si\u0119 wycieczka do sztolni Czarnego Pstr\u0105ga w Tarnowskich G\u00f3rach. &nbsp; Planowana godz wyjazdu: 9.00 Planowana godz powrotu 15:00 Koszt: 90 z\u0142 ( w cenie przejazd, zwiedzanie, przewodnik, sp\u0142yw dla starszych dzieci, spotkanie ze skarbnikiem) &nbsp; W zwi\u0105zku [&hellip;]<\/p>\n","protected":false},"author":1,"featured_media":0,"comment_status":"open","ping_status":"open","sticky":false,"template":"","format":"standard","meta":[],"categories":[1],"tags":[],"_links":{"self":[{"href":"https:\/\/www.e-teczowakraina.pl\/index.php\/wp-json\/wp\/v2\/posts\/2585"}],"collection":[{"href":"https:\/\/www.e-teczowakraina.pl\/index.php\/wp-json\/wp\/v2\/posts"}],"about":[{"href":"https:\/\/www.e-teczowakraina.pl\/index.php\/wp-json\/wp\/v2\/types\/post"}],"author":[{"embeddable":true,"href":"https:\/\/www.e-teczowakraina.pl\/index.php\/wp-json\/wp\/v2\/users\/1"}],"replies":[{"embeddable":true,"href":"https:\/\/www.e-teczowakraina.pl\/index.php\/wp-json\/wp\/v2\/comments?post=2585"}],"version-history":[{"count":2,"href":"https:\/\/www.e-teczowakraina.pl\/index.php\/wp-json\/wp\/v2\/posts\/2585\/revisions"}],"predecessor-version":[{"id":2588,"href":"https:\/\/www.e-teczowakraina.pl\/index.php\/wp-json\/wp\/v2\/posts\/2585\/revisions\/2588"}],"wp:attachment":[{"href":"https:\/\/www.e-teczowakraina.pl\/index.php\/wp-json\/wp\/v2\/media?parent=2585"}],"wp:term":[{"taxonomy":"category","embeddable":true,"href":"https:\/\/www.e-teczowakraina.pl\/index.php\/wp-json\/wp\/v2\/categories?post=2585"},{"taxonomy":"post_tag","embeddable":true,"href":"https:\/\/www.e-teczowakraina.pl\/index.php\/wp-json\/wp\/v2\/tags?post=2585"}],"curies":[{"name":"wp","href":"https:\/\/api.w.org\/{rel}","templated":true}]}}