{"id":2647,"date":"2022-08-28T20:54:38","date_gmt":"2022-08-28T18:54:38","guid":{"rendered":"https:\/\/www.e-teczowakraina.pl\/?p=2647"},"modified":"2022-09-12T21:38:25","modified_gmt":"2022-09-12T19:38:25","slug":"jak-ubierac-dziecko-do-przedszkola","status":"publish","type":"post","link":"https:\/\/www.e-teczowakraina.pl\/index.php\/2022\/08\/28\/jak-ubierac-dziecko-do-przedszkola\/","title":{"rendered":"\ud83d\udc55 Jak ubiera\u0107 dziecko do przedszkola? \ud83d\udc55"},"content":{"rendered":"<div class=\"default-style\" style=\"text-align: center;\">Jak ubiera\u0107 dziecko do przedszkola, \u017ceby czu\u0142o si\u0119 dobrze? Ubrania do przedszkola na pierwszy raz i na co dzie\u0144<\/div>\n<div class=\"default-style\" style=\"text-align: center;\">\n<div class=\"c-article__lead\">Ubrania do przedszkola powinny by\u0107 dobrze przemy\u015blane.<\/div>\n<div class=\"c-article__lead\">Czy ubieraj\u0105c dziecko do przedszkola, zadba\u0107 tylko o jego wygod\u0119? Czy od ma\u0142ego uczy\u0107 fajnego sposobu ubierania, aby maluch nie odstawa\u0142 od r\u00f3wie\u015bnik\u00f3w?<\/div>\n<div><\/div>\n<div class=\"c-article__lead\">Podpowiadamy, w co ubra\u0107 dziecko do przedszkola po raz pierwszy i na co dzie\u0144.<\/div>\n<\/div>\n<div><\/div>\n<div><\/div>\n<div class=\"default-style\" style=\"text-align: center;\">\n<div class=\"c-article__bar\">\n<div class=\"c-article__info\">\n<div class=\"c-article__info-text\">\n<div class=\"c-label c-label--variant-secondary\">Wielu rodzic\u00f3w zastanawia si\u0119, w co ubra\u0107 dziecko do przedszkola. Wybieraj\u0105c ubranka,\u00a0we\u017a pod uwag\u0119 przede wszystkim wygod\u0119 maluszka \u2013 aby nic go nie uwiera\u0142o i nie kr\u0119powa\u0142o ruch\u00f3w. Dobrze te\u017c mie\u0107 takie ubrania, w kt\u00f3rych\u00a0<strong>dziecko mo\u017ce si\u0119 pobrudzi\u0107<\/strong>\u00a0podczas malowania farbami lub w trakcie innych aktywno\u015bci. Zastan\u00f3w si\u0119 tak\u017ce, jakie ubrania do przedszkola b\u0119d\u0105\u00a0<strong>wspiera\u0107\u00a0samodzielno\u015b\u0107 dziecka\u00a0<\/strong>\u2013 powinny by\u0107\u00a0\u0142atwe do zdj\u0119cia i za\u0142o\u017cenia.<\/div>\n<div><\/div>\n<\/div>\n<div><img loading=\"lazy\" class=\"alignnone size-medium wp-image-2574\" src=\"https:\/\/www.e-teczowakraina.pl\/wp-content\/uploads\/2022\/03\/14b29f3386fa1ca7e6f41a78b93203c6-213x300.jpg\" alt=\"\" width=\"213\" height=\"300\" srcset=\"https:\/\/www.e-teczowakraina.pl\/wp-content\/uploads\/2022\/03\/14b29f3386fa1ca7e6f41a78b93203c6-213x300.jpg 213w, https:\/\/www.e-teczowakraina.pl\/wp-content\/uploads\/2022\/03\/14b29f3386fa1ca7e6f41a78b93203c6.jpg 215w\" sizes=\"(max-width: 213px) 100vw, 213px\" \/><\/div>\n<\/div>\n<div>Ubrania do przedszkola to nie tylko moda, ale przede wszystkim wygoda. Warto sobie uzmys\u0142owi\u0107, \u017ce dziecko chodzi do przedszkola, aby dobrze si\u0119 rozwija\u0107, a temu s\u0142u\u017c\u0105 zabawa, nauka, aktywno\u015b\u0107 fizyczna, zabawy plastyczne. Dobry ubi\u00f3r sprawi, \u017ce dziecko b\u0119dzie czu\u0142o si\u0119 swobodnie podczas biegania, skakania, malowania.<\/div>\n<\/div>\n<div>\n<div>\n<p>&nbsp;<\/p>\n<p>Najlepsze ubrania do przedszkola:<\/p>\n<\/div>\n<ul>\n<li>spodnie i sp\u00f3dniczki na gumk\u0119, kt\u00f3re mo\u017cna szybko za\u0142o\u017cy\u0107 i zdj\u0105\u0107;<\/li>\n<li>odzie\u017c z mi\u0119kkich, elastycznych materia\u0142\u00f3w, kt\u00f3re dostosowuj\u0105 si\u0119 do ruch\u00f3w dziecka (wygodnie si\u0119 w nich nie tylko siedzi, ale te\u017c czo\u0142ga czy przeciska przez tunele na zje\u017cd\u017calni);<\/li>\n<li>rzeczy, kt\u00f3re nie kr\u0119puj\u0105\u00a0ruch\u00f3w zar\u00f3wno w trakcie zabawy, jak i podczas korzystania z toalety (zapi\u0119cia na guziki lepiej sobie darowa\u0107);<\/li>\n<li>odzie\u017c z naturalnych materia\u0142\u00f3w, np. z bawe\u0142ny, w kt\u00f3rych sk\u00f3ra mo\u017ce oddycha\u0107;<\/li>\n<li>rzeczy, kt\u00f3re umo\u017cliwiaj\u0105 dziecku dostosowanie si\u0119 do odczuwanej temperatury, np. poprzez rozpi\u0119cie bluzy czy za\u0142o\u017cenie dodatkowego sweterka.<\/li>\n<\/ul>\n<\/div>\n<div><strong>Nie ubieraj dziecka do przedszkola:<\/strong><\/div>\n<ul>\n<li>zbyt grubo, w ubrania, z kt\u00f3rych nie da si\u0119 rozebra\u0107 (np. tylko bluzk\u0119 z d\u0142ugim r\u0119kawem, w sam\u0105 ciep\u0142\u0105 kurtk\u0119, bez bluzy);<\/li>\n<li>zbyt ciasno, np. w golfy;<\/li>\n<li>w ubrania z drapi\u0105cych, sztucznych materia\u0142\u00f3w;<\/li>\n<li>w ubrania z du\u017c\u0105 liczb\u0105 guzik\u00f3w, suwak\u00f3w, kt\u00f3re trudno samodzielnie zdj\u0105\u0107 lub za\u0142o\u017cy\u0107;<\/li>\n<li>w ubrania, kt\u00f3rych b\u0119dzie \u017cal, gdy si\u0119 zniszcz\u0105.<\/li>\n<\/ul>\n<\/div>\n<p style=\"text-align: center;\"><img loading=\"lazy\" class=\"alignnone size-medium wp-image-2649\" src=\"https:\/\/www.e-teczowakraina.pl\/wp-content\/uploads\/2022\/09\/3edf7ac77ab9a929b3b2b282c772b4da-300x300.jpg\" alt=\"\" width=\"300\" height=\"300\" srcset=\"https:\/\/www.e-teczowakraina.pl\/wp-content\/uploads\/2022\/09\/3edf7ac77ab9a929b3b2b282c772b4da-300x300.jpg 300w, https:\/\/www.e-teczowakraina.pl\/wp-content\/uploads\/2022\/09\/3edf7ac77ab9a929b3b2b282c772b4da-150x150.jpg 150w, https:\/\/www.e-teczowakraina.pl\/wp-content\/uploads\/2022\/09\/3edf7ac77ab9a929b3b2b282c772b4da-75x75.jpg 75w, https:\/\/www.e-teczowakraina.pl\/wp-content\/uploads\/2022\/09\/3edf7ac77ab9a929b3b2b282c772b4da.jpg 626w\" sizes=\"(max-width: 300px) 100vw, 300px\" \/><\/p>\n<div class=\"default-style\" style=\"text-align: center;\">\n<h2>Jak ubra\u0107 dziecko do przedszkola pierwszy raz?<\/h2>\n<p>Pierwszy dzie\u0144 w przedszkolu to zwykle du\u017ce \u015bwi\u0119to, wi\u0119c ubranie te\u017c powinno podkre\u015bla\u0107 jego wyj\u0105tkowo\u015b\u0107. Podczas rozpocz\u0119cia roku w przedszkolu raczej nie obowi\u0105zuj\u0105 bia\u0142e koszule oraz granatowe sp\u00f3dniczki lub spodnie \u2013 jak w szkole. Nic jednak nie stoi na przeszkodzie, by ubra\u0107 dziecko w eleganckie bia\u0142o-ciemne kolory. Jak zawsze pami\u0119taj o wygodzie maluszka \u2013 sztywny garnitur czy tiulowa suknia mo\u017ce sprawi\u0107, \u017ce dziecko b\u0119dzie si\u0119 czu\u0142o skr\u0119powane.<\/p>\n<p>Na pierwszy raz w przedszkolu ubierz dziewczynk\u0119 np. w szar\u0105 lub granatow\u0105 sukienk\u0119, bia\u0142e rajstopy i baleriny. Ch\u0142opcu za\u0142\u00f3\u017c np. ciemne spodnie i bia\u0142\u0105 koszulk\u0119 polo albo koszul\u0119 w krat\u0119.<\/p>\n<h2>Ubranie dziecka do przedszkola, a indywidualno\u015b\u0107<\/h2>\n<div>Warto kupowa\u0107 dziecku ubrania w r\u00f3\u017cnych kolorach i fasonach oraz pozwala\u0107 maluchowi tworzy\u0107 z nich zestawy. Zdaniem dr Joanny Urba\u0144skiej, psychologa z Uniwersytetu im. Adama Mickiewicza w Poznaniu, pomaga to kszta\u0142towa\u0107 indywidualno\u015b\u0107 (dziecko zaczyna mie\u0107 sw\u00f3j ulubiony styl), a tak\u017ce w\u0142asn\u0105 to\u017csamo\u015b\u0107. Starajmy si\u0119 przy tym\u00a0<strong>unika\u0107 stereotyp\u00f3w<\/strong>\u00a0\u2013 kiedy c\u00f3reczka ma ochot\u0119 chodzi\u0107 w spodniach,\u00a0nie wciskajmy jej w sukienk\u0119!<\/div>\n<div><\/div>\n<div><strong>Wa\u017cne: ubranie do przedszkola powinno by\u0107 te\u017c dostosowane do okazji. Str\u00f3j od\u015bwi\u0119tny jest czym\u015b innym ni\u017c str\u00f3j na gimnastyk\u0119, a ubranie do przedszkola r\u00f3\u017cni si\u0119 od domowej pi\u017camy. Je\u015bli dziecko bez wzgl\u0119du na okazj\u0119 zawsze biega po domu w\u00a0rajstopkach, p\u00f3\u017aniej mo\u017ce \u017ale si\u0119 czu\u0107 w sukience czy spodniach. I odwrotnie, maluch ubierany w koszulk\u0119 i eleganckie spodenki lub sukienk\u0119 mo\u017ce zachowywa\u0107 si\u0119 sztywno, nie b\u0119dzie spontanicznie skaka\u0107 czy turla\u0107 si\u0119 po pod\u0142odze, w obawie, by nie pobrudzi\u0107 stroju. Dobierajmy wi\u0119c ubranie do okoliczno\u015bci, ale te\u017c do aktywno\u015bci, jak\u0105 dziecko b\u0119dzie podejmowa\u0107.<\/strong><\/div>\n<\/div>\n<div><\/div>\n<div style=\"text-align: center;\"><\/div>\n<div style=\"text-align: center;\"><img loading=\"lazy\" class=\"alignnone size-medium wp-image-2650\" src=\"https:\/\/www.e-teczowakraina.pl\/wp-content\/uploads\/2022\/09\/b15e22a1fca9e50bfda1e1da4f433563-231x300.jpg\" alt=\"\" width=\"231\" height=\"300\" srcset=\"https:\/\/www.e-teczowakraina.pl\/wp-content\/uploads\/2022\/09\/b15e22a1fca9e50bfda1e1da4f433563-231x300.jpg 231w, https:\/\/www.e-teczowakraina.pl\/wp-content\/uploads\/2022\/09\/b15e22a1fca9e50bfda1e1da4f433563.jpg 626w\" sizes=\"(max-width: 231px) 100vw, 231px\" \/><\/div>\n<div>\n<h2 style=\"text-align: center;\">Jak ubra\u0107 dziecko do przedszkola jesieni\u0105 i zim\u0105?<\/h2>\n<p style=\"text-align: center;\">Wa\u017cne, by ubranie dziecka by\u0142o dopasowane do pogody \u2013 zw\u0142aszcza jesieni\u0105 i zim\u0105, gdy na dworze jest ch\u0142odniej. Postaraj si\u0119 zadba\u0107, by maluch, wychodz\u0105c na spacer, mia\u0142 odpowiedni\u0105 kurtk\u0119, buty, ciep\u0142\u0105 czapk\u0119, r\u0119kawiczki i szalik. Jesieni\u0105 kurtka powinna by\u0107 odporna na deszcz i wiatr.<\/p>\n<p style=\"text-align: center;\">Pami\u0119taj, \u017ce w zimniejsze miesi\u0105ce w sali przedszkolnej te\u017c mo\u017ce by\u0107 nieco ch\u0142odniej. Koniecznie naszykuj bluz\u0119 (je\u015bli nie b\u0119dzie potrzebna, zostawicie j\u0105 w szatni). Pod sp\u00f3d za\u0142\u00f3\u017c dziecku T-shirt z kr\u00f3tkim lub d\u0142ugim r\u0119kawem. Maj\u0105c mo\u017cliwo\u015b\u0107 zdj\u0119cia bluzy lub sweterka, maluch nie zmarznie, ale r\u00f3wnie\u017c si\u0119 nie przegrzeje.<\/p>\n<p style=\"text-align: center;\">Wiosn\u0105 i latem wystarczy koszulka z kr\u00f3tkim r\u0119kawem, spodnie i ewentualna bluza, wczesn\u0105 wiosn\u0105 konieczna b\u0119dzie jeszcze kurtka.<\/p>\n<\/div>\n<p style=\"text-align: center;\">\n","protected":false},"excerpt":{"rendered":"<p>Jak ubiera\u0107 dziecko do przedszkola, \u017ceby czu\u0142o si\u0119 dobrze? Ubrania do przedszkola na pierwszy raz i na co dzie\u0144 Ubrania do przedszkola powinny by\u0107 dobrze przemy\u015blane. Czy ubieraj\u0105c dziecko do przedszkola, zadba\u0107 tylko o jego wygod\u0119? Czy od ma\u0142ego uczy\u0107 fajnego sposobu ubierania, aby maluch nie odstawa\u0142 od r\u00f3wie\u015bnik\u00f3w? Podpowiadamy, [&hellip;]<\/p>\n","protected":false},"author":1,"featured_media":2649,"comment_status":"open","ping_status":"open","sticky":false,"template":"","format":"standard","meta":[],"categories":[1],"tags":[],"_links":{"self":[{"href":"https:\/\/www.e-teczowakraina.pl\/index.php\/wp-json\/wp\/v2\/posts\/2647"}],"collection":[{"href":"https:\/\/www.e-teczowakraina.pl\/index.php\/wp-json\/wp\/v2\/posts"}],"about":[{"href":"https:\/\/www.e-teczowakraina.pl\/index.php\/wp-json\/wp\/v2\/types\/post"}],"author":[{"embeddable":true,"href":"https:\/\/www.e-teczowakraina.pl\/index.php\/wp-json\/wp\/v2\/users\/1"}],"replies":[{"embeddable":true,"href":"https:\/\/www.e-teczowakraina.pl\/index.php\/wp-json\/wp\/v2\/comments?post=2647"}],"version-history":[{"count":2,"href":"https:\/\/www.e-teczowakraina.pl\/index.php\/wp-json\/wp\/v2\/posts\/2647\/revisions"}],"predecessor-version":[{"id":2671,"href":"https:\/\/www.e-teczowakraina.pl\/index.php\/wp-json\/wp\/v2\/posts\/2647\/revisions\/2671"}],"wp:featuredmedia":[{"embeddable":true,"href":"https:\/\/www.e-teczowakraina.pl\/index.php\/wp-json\/wp\/v2\/media\/2649"}],"wp:attachment":[{"href":"https:\/\/www.e-teczowakraina.pl\/index.php\/wp-json\/wp\/v2\/media?parent=2647"}],"wp:term":[{"taxonomy":"category","embeddable":true,"href":"https:\/\/www.e-teczowakraina.pl\/index.php\/wp-json\/wp\/v2\/categories?post=2647"},{"taxonomy":"post_tag","embeddable":true,"href":"https:\/\/www.e-teczowakraina.pl\/index.php\/wp-json\/wp\/v2\/tags?post=2647"}],"curies":[{"name":"wp","href":"https:\/\/api.w.org\/{rel}","templated":true}]}}