{"id":2655,"date":"2022-09-05T21:09:47","date_gmt":"2022-09-05T19:09:47","guid":{"rendered":"https:\/\/www.e-teczowakraina.pl\/?p=2655"},"modified":"2022-09-12T21:39:43","modified_gmt":"2022-09-12T19:39:43","slug":"pierwszy-dzien-w-przedszkolu-jak-go-przezyc-rady-dla-rodzicow","status":"publish","type":"post","link":"https:\/\/www.e-teczowakraina.pl\/index.php\/2022\/09\/05\/pierwszy-dzien-w-przedszkolu-jak-go-przezyc-rady-dla-rodzicow\/","title":{"rendered":"Pierwszy dzie\u0144 w przedszkolu: jak go prze\u017cy\u0107? Rady dla rodzic\u00f3w! \ud83d\udc4c"},"content":{"rendered":"<h2 style=\"text-align: center;\"><strong>Pierwszy dzie\u0144 w przedszkolu<\/strong><\/h2>\n<div class=\"c-article__lead\" style=\"text-align: center;\">Pierwszy dzie\u0144 w przedszkolu wymaga dobrego zaplanowania i przygotowania dziecka. Wa\u017cne jest, by sp\u0119dzi\u0107 go spokojnie, bez po\u015bpiechu i nerw\u00f3w, i to zaczynaj\u0105c od pobudki. Podpowiadamy, jak zostawi\u0107 dziecko w przedszkolu, by nie by\u0142o to trudnym prze\u017cyciem ani dla niego, ani dla jego rodzic\u00f3w.<\/div>\n<p style=\"text-align: center;\">Pierwszy dzie\u0144 w przedszkolu to olbrzymie prze\u017cycie dla ca\u0142ej rodziny. Zanim nadejdzie, warto z dzieckiem o nim porozmawia\u0107, opowiedzie\u0107, jak b\u0119dzie wygl\u0105da\u0142, czego maluch mo\u017ce si\u0119 spodziewa\u0107, ile czasu sp\u0119dzi w przedszkolu. Dobrze jest te\u017c wsp\u00f3lnie wybra\u0107 ubrania, przygotowa\u0107 kapcie i inne potrzebne rzeczy. Mo\u017cna te\u017c z dzieckiem ustali\u0107, kt\u00f3r\u0105 zabawk\u0119 zechce ze sob\u0105 zabra\u0107 (najlepiej przytulank\u0119), aby dodawa\u0142a mu otuchy z dala od domu. Ale to nie wszystko, wa\u017cna jest nawet godzina, na kt\u00f3r\u0105 tego dnia ustawisz sobie pobudk\u0119.<\/p>\n<p style=\"text-align: center;\">Zapytaj wcze\u015bniej przedszkolu, jakie zasady obowi\u0105zuj\u0105 w plac\u00f3wce ze wzgl\u0119du na epidemi\u0119 koronawirusa. Upewnij si\u0119, czy rodzic mo\u017ce przebywa\u0107 na terenie przedszkola, czy dziecko b\u0119dzie mog\u0142o przynie\u015b\u0107 z domu ukochan\u0105 maskotk\u0119.<\/p>\n<p style=\"text-align: center;\">Oto wskaz\u00f3wki, kt\u00f3re u\u0142atwi\u0105 planowanie przedszkolnego debiutu dziecka. Podpowiadamy, jak powinna wygl\u0105da\u0107 pobudka malucha, droga do przedszkola, a tak\u017ce czas sp\u0119dzony w plac\u00f3wce.<\/p>\n<p style=\"text-align: center;\"><img loading=\"lazy\" class=\"alignnone size-medium wp-image-2656\" src=\"https:\/\/www.e-teczowakraina.pl\/wp-content\/uploads\/2022\/09\/happy-cute-little-kid-boy-wake-up-in-the-morning-700-188471916-300x300.jpg\" alt=\"\" width=\"300\" height=\"300\" srcset=\"https:\/\/www.e-teczowakraina.pl\/wp-content\/uploads\/2022\/09\/happy-cute-little-kid-boy-wake-up-in-the-morning-700-188471916-300x300.jpg 300w, https:\/\/www.e-teczowakraina.pl\/wp-content\/uploads\/2022\/09\/happy-cute-little-kid-boy-wake-up-in-the-morning-700-188471916-150x150.jpg 150w, https:\/\/www.e-teczowakraina.pl\/wp-content\/uploads\/2022\/09\/happy-cute-little-kid-boy-wake-up-in-the-morning-700-188471916-75x75.jpg 75w, https:\/\/www.e-teczowakraina.pl\/wp-content\/uploads\/2022\/09\/happy-cute-little-kid-boy-wake-up-in-the-morning-700-188471916.jpg 700w\" sizes=\"(max-width: 300px) 100vw, 300px\" \/><\/p>\n<h3 style=\"text-align: center;\">Pobudka przed pierwszym dniem w przedszkolu<\/h3>\n<div style=\"text-align: center;\">Nastaw budzik wcze\u015bniej ni\u017c zwykle, by ten dzie\u0144 zacz\u0105\u0142 si\u0119 bez po\u015bpiechu i zdenerwowania. Zarezerwuj wi\u0119cej czasu<strong>\u00a0<\/strong>na mycie, ubieranie, \u015bniadanie i inne poranne czynno\u015bci. Wyprawka dla przedszkolaka powinna by\u0107 skompletowana ju\u017c poprzedniego dnia. Wychodz\u0105c z domu, warto <strong>zabra\u0107 ukochan\u0105 przytulank\u0119\u00a0<\/strong>twojej pociechy (je\u015bli przedszkole na to pozwala). Dzi\u0119ki niej maluch b\u0119dzie czu\u0142 si\u0119 ra\u017aniej w obcym miejscu.<\/div>\n<div style=\"text-align: center;\"><\/div>\n<div style=\"text-align: center;\">\n<h4>Pierwsze odprowadzenie dziecka do przedszkola<\/h4>\n<div>Prowadz\u0105c dziecko pierwszy raz do przedszkola, warto je wspiera\u0107 i dodawa\u0107 pewno\u015bci siebie<a class=\"linkowanie_wewnetrzne\" href=\"https:\/\/mamotoja.pl\/male-dziecko\/wychowanie\/naucz-dziecko-pewnosci-siebie-5647-r1\/\" target=\"_blank\" rel=\"noopener\">.<\/a> Powiedz, \u017ce czujesz dum\u0119 ze swojego przedszkolaczka, <strong>uprzed\u017a, kiedy go odbierzesz: <\/strong>&#8222;Zjesz obiadek, odpoczniesz na le\u017caczku, a kiedy wstaniesz b\u0119d\u0119 na Ciebie czeka\u0107&#8221; , wyt\u0142umacz, jak minie dalsza cz\u0119\u015b\u0107 dnia. Warto te\u017c doda\u0107: \u201eNa pewno sobie poradzisz, nawet je\u015bli na pocz\u0105tku b\u0119dzie troch\u0119 smutno\u201d \u2013 takie zdanie przygotuje dziecko na to, \u017ce nieprzyjemne uczucia, kt\u00f3re zapewne przez pierwsze dni b\u0119d\u0105 si\u0119 pojawia\u0107 zw\u0142aszcza podczas rozstania, s\u0105 czym\u015b naturalnym i przemijaj\u0105cym.<\/div>\n<\/div>\n<div style=\"text-align: center;\">\n<h3>Pierwsze rozstanie z dzieckiem w przedszkolu<\/h3>\n<div>Jeszcze raz zapewnij dziecko, \u017ce po nie przyjdziesz i wyt\u0142umacz, kiedy to si\u0119 stanie. Nie m\u00f3w jednak: \u201ePrzyjd\u0119 o drugiej\u201d, bo to dla dziecka nic nie znaczy, lepiej powiedz: \u201ePrzyjd\u0119 po obiedzie\u201d i koniecznie dotrzymaj s\u0142owa. <strong>\u017begnaj\u0105c si\u0119 z dzieckiem, musisz trzyma\u0107 fason, nie mo\u017cesz okazywa\u0107 zdenerwowania i ukradkiem wyciera\u0107 \u0142ez. To bardzo wa\u017cne,<\/strong> bo<strong>\u00a0niepok\u00f3j doros\u0142ego udziela si\u0119 dziecku\u00a0<\/strong>i budzi w nim l\u0119k przed tym, co czeka go w obcym miejscu. Dobrze jest, je\u015bli przez pierwsze dni dziecko jest odprowadzane do przedszkola przez tego rodzica, kt\u00f3ry jest bardziej stanowczy i opanowany. Spok\u00f3j bardziej pomo\u017ce dziecku ni\u017c zdenerwowanie.<\/div>\n<\/div>\n<div style=\"text-align: center;\">\n<p><img loading=\"lazy\" class=\"size-medium wp-image-2657\" src=\"https:\/\/www.e-teczowakraina.pl\/wp-content\/uploads\/2022\/09\/istockphoto-947443858-612x612-1-300x300.jpg\" alt=\"\" width=\"300\" height=\"300\" srcset=\"https:\/\/www.e-teczowakraina.pl\/wp-content\/uploads\/2022\/09\/istockphoto-947443858-612x612-1-300x300.jpg 300w, https:\/\/www.e-teczowakraina.pl\/wp-content\/uploads\/2022\/09\/istockphoto-947443858-612x612-1-150x150.jpg 150w, https:\/\/www.e-teczowakraina.pl\/wp-content\/uploads\/2022\/09\/istockphoto-947443858-612x612-1-75x75.jpg 75w, https:\/\/www.e-teczowakraina.pl\/wp-content\/uploads\/2022\/09\/istockphoto-947443858-612x612-1.jpg 612w\" sizes=\"(max-width: 300px) 100vw, 300px\" \/><\/p>\n<h3>Odbieranie dziecka po pierwszym przedszkolnym dniu<\/h3>\n<div>Na pocz\u0105tku najlepiej\u00a0<strong>nie zostawia\u0107 dziecka na ca\u0142y dzie\u0144<\/strong>. Trzylatki i czterolatki przez pierwsze dni nie powinny przebywa\u0107 w przedszkolu d\u0142u\u017cej ni\u017c przez 3-4 godziny. W nast\u0119pnych dniach mo\u017cna ten pobyt stopniowo wyd\u0142u\u017ca\u0107. Starsze dzieci mog\u0105 od razu zosta\u0107 d\u0142u\u017cej, ale na pocz\u0105tku lepiej odebra\u0107 je troch\u0119 wcze\u015bniej, np. przed le\u017cakowaniem.<\/div>\n<\/div>\n<div style=\"text-align: center;\"><\/div>\n<div style=\"text-align: center;\">\n<h3>Pierwszy powr\u00f3t z przedszkola do domu<\/h3>\n<div>W drodze do domu po pierwszym dniu w przedszkolu\u00a0<strong>nie zadr\u0119czaj dziecka pytaniami:<\/strong>\u00a0\u201eNo i jak by\u0142o?\u201d, \u201eCzy by\u0142e\u015b grzeczny\u201d. Podaruj te\u017c sobie: \u201eCo by\u0142o na obiadek?\u201d. Je\u015bli dziecko nie ma ochoty opowiada\u0107, daj mu odpocz\u0105\u0107. Gdy jednak chce m\u00f3wi\u0107, wys\u0142uchaj je uwa\u017cnie. By\u0107 mo\u017ce maluch b\u0119dzie si\u0119 \u017cali\u0142, \u017ce t\u0119skni\u0142, \u017ce mu by\u0142o \u017ale, \u017ce pani jest niemi\u0142a \u2013 nie zaprzeczaj tym odczuciom, ale te\u017c nie roztkliwiaj si\u0119 nad nimi. Na pocz\u0105tku ma prawo by\u0107 mu trudno.<\/div>\n<\/div>\n<div style=\"text-align: center;\"><\/div>\n<div style=\"text-align: center;\">\n<h3>Rodzinne popo\u0142udnie po przedszkolnym debiucie<\/h3>\n<div>Niech przedszkolny debiut b\u0119dzie dniem szczeg\u00f3lnym a\u017c do samego wieczora \u2013 mo\u017ce urz\u0105dzicie\u00a0<strong>rodzinne \u015bwi\u0119to<\/strong>, p\u00f3jdziecie razem na lody, wybierzecie si\u0119 do kina, zagracie w plansz\u00f3wk\u0119? Warto pochwali\u0107 przedszkolaka przed babci\u0105 lub cioci\u0105, ale tak, by dziecko mog\u0142o s\u0142ysze\u0107, jacy jeste\u015bcie z niego dumni.<\/div>\n<\/div>\n<div style=\"text-align: center;\"><\/div>\n<div style=\"text-align: center;\">\n<h2>Pierwszy dzie\u0144 w przedszkolu: co zabra\u0107?<\/h2>\n<div>Zwykle w przedszkolu mo\u017cna dowiedzie\u0107 si\u0119, co dziecku b\u0119dzie potrzebne na pocz\u0105tku. Je\u017celi idziecie razem na 3-4 godziny, niezb\u0119dne b\u0119d\u0105\u00a0<strong>kapcie na zmian\u0119<\/strong>\u00a0oraz ulubiona przytulanka. Je\u015bli dziecko ma od razu skoczy\u0107 na g\u0142\u0119bok\u0105 wod\u0119 i zosta\u0107 pierwszego dnia w przedszkolu d\u0142u\u017cej, mo\u017ce przyda\u0107 mu si\u0119 poduszka i kocyk.<\/div>\n<div><\/div>\n<\/div>\n<div style=\"text-align: center;\">Pe\u0142na wyprawka do przedszkola jest nieco bogatsza i zale\u017cy od ustale\u0144, jakie poczyni si\u0119 z dyrektorem plac\u00f3wki. Najcz\u0119\u015bciej dziecko musi mie\u0107 worek na kapcie oraz po\u015bciel przedszkolaka i pi\u017camk\u0119. Mo\u017cna do ekwipunku doda\u0107 ubranka na zmian\u0119 (zw\u0142aszcza bielizn\u0119). Cz\u0119sto plac\u00f3wka prosi o bloki rysunkowe, kredki, plastelin\u0119 i inne drobne przedmioty, kt\u00f3re pos\u0142u\u017c\u0105 do r\u00f3\u017cnych zaj\u0119\u0107. Bardzo wa\u017cne jest, aby ubiera\u0107 dziecko odpowiednio do pogody i tak, aby poprzez liczb\u0119 warstw ubra\u0144 mo\u017cna by\u0142o regulowa\u0107 ilo\u015b\u0107 ciep\u0142a \u2013 innego stroju potrzebuj\u0105 dzieci ma\u0142o aktywne, innego takie, kt\u00f3re szalej\u0105 na placu zabaw. Warto by\u0107 w kontakcie z nauczycielem przedszkolnym i na bie\u017c\u0105co dowiadywa\u0107 si\u0119, czy co\u015b jest potrzebne.<\/div>\n<div style=\"text-align: center;\"><\/div>\n<div style=\"text-align: center;\"><img loading=\"lazy\" class=\"alignnone size-medium wp-image-2658\" src=\"https:\/\/www.e-teczowakraina.pl\/wp-content\/uploads\/2022\/09\/kid-going-to-school-vector-20368913-300x296.jpg\" alt=\"\" width=\"300\" height=\"296\" srcset=\"https:\/\/www.e-teczowakraina.pl\/wp-content\/uploads\/2022\/09\/kid-going-to-school-vector-20368913-300x296.jpg 300w, https:\/\/www.e-teczowakraina.pl\/wp-content\/uploads\/2022\/09\/kid-going-to-school-vector-20368913-768x758.jpg 768w, https:\/\/www.e-teczowakraina.pl\/wp-content\/uploads\/2022\/09\/kid-going-to-school-vector-20368913-75x75.jpg 75w, https:\/\/www.e-teczowakraina.pl\/wp-content\/uploads\/2022\/09\/kid-going-to-school-vector-20368913.jpg 1000w\" sizes=\"(max-width: 300px) 100vw, 300px\" \/><\/div>\n<div style=\"text-align: center;\"><\/div>\n","protected":false},"excerpt":{"rendered":"<p>Pierwszy dzie\u0144 w przedszkolu Pierwszy dzie\u0144 w przedszkolu wymaga dobrego zaplanowania i przygotowania dziecka. Wa\u017cne jest, by sp\u0119dzi\u0107 go spokojnie, bez po\u015bpiechu i nerw\u00f3w, i to zaczynaj\u0105c od pobudki. Podpowiadamy, jak zostawi\u0107 dziecko w przedszkolu, by nie by\u0142o to trudnym prze\u017cyciem ani dla niego, ani dla jego rodzic\u00f3w. Pierwszy dzie\u0144 [&hellip;]<\/p>\n","protected":false},"author":1,"featured_media":2657,"comment_status":"open","ping_status":"open","sticky":false,"template":"","format":"standard","meta":[],"categories":[1],"tags":[],"_links":{"self":[{"href":"https:\/\/www.e-teczowakraina.pl\/index.php\/wp-json\/wp\/v2\/posts\/2655"}],"collection":[{"href":"https:\/\/www.e-teczowakraina.pl\/index.php\/wp-json\/wp\/v2\/posts"}],"about":[{"href":"https:\/\/www.e-teczowakraina.pl\/index.php\/wp-json\/wp\/v2\/types\/post"}],"author":[{"embeddable":true,"href":"https:\/\/www.e-teczowakraina.pl\/index.php\/wp-json\/wp\/v2\/users\/1"}],"replies":[{"embeddable":true,"href":"https:\/\/www.e-teczowakraina.pl\/index.php\/wp-json\/wp\/v2\/comments?post=2655"}],"version-history":[{"count":1,"href":"https:\/\/www.e-teczowakraina.pl\/index.php\/wp-json\/wp\/v2\/posts\/2655\/revisions"}],"predecessor-version":[{"id":2659,"href":"https:\/\/www.e-teczowakraina.pl\/index.php\/wp-json\/wp\/v2\/posts\/2655\/revisions\/2659"}],"wp:featuredmedia":[{"embeddable":true,"href":"https:\/\/www.e-teczowakraina.pl\/index.php\/wp-json\/wp\/v2\/media\/2657"}],"wp:attachment":[{"href":"https:\/\/www.e-teczowakraina.pl\/index.php\/wp-json\/wp\/v2\/media?parent=2655"}],"wp:term":[{"taxonomy":"category","embeddable":true,"href":"https:\/\/www.e-teczowakraina.pl\/index.php\/wp-json\/wp\/v2\/categories?post=2655"},{"taxonomy":"post_tag","embeddable":true,"href":"https:\/\/www.e-teczowakraina.pl\/index.php\/wp-json\/wp\/v2\/tags?post=2655"}],"curies":[{"name":"wp","href":"https:\/\/api.w.org\/{rel}","templated":true}]}}