{"id":2775,"date":"2023-06-01T21:52:31","date_gmt":"2023-06-01T19:52:31","guid":{"rendered":"https:\/\/www.e-teczowakraina.pl\/?p=2775"},"modified":"2023-06-01T21:52:31","modified_gmt":"2023-06-01T19:52:31","slug":"dzien-dziecka-2","status":"publish","type":"post","link":"https:\/\/www.e-teczowakraina.pl\/index.php\/2023\/06\/01\/dzien-dziecka-2\/","title":{"rendered":"Dzie\u0144 Dziecka"},"content":{"rendered":"<div data-canvas-width=\"126.91199999999999\"><\/div>\n<div style=\"text-align: center;\" data-canvas-width=\"126.91199999999999\">Drogi Rodzicu,<\/div>\n<div data-canvas-width=\"126.91199999999999\"><\/div>\n<div style=\"text-align: center;\" data-canvas-width=\"578.3893333333331\">Pierwszy czerwca, to dla ka\u017cdego dziecka szczeg\u00f3lny dzie\u0144, dla nas te\u017c jest to dzie\u0144 wyj\u0105tkowy, bo w\u0142a\u015bnie 1 czerwca 2023 r. przej\u0119li\u015bmy przedszkole j\u0119zykowo- artystyczne, T\u0119czowa Kraina.<\/div>\n<div style=\"text-align: center;\" data-canvas-width=\"579.4773333333335\">W tym pi\u0119knym, przytulnym miejscu, otoczonym natur\u0105 tworzymy Akademi\u0119 Dobrego M\u00f3wcy, nasza koncepcja pracy z dzie\u0107mi wynika z wieloletniego do\u015bwiadczenia zawodowego.<\/div>\n<div data-canvas-width=\"579.4773333333335\"><\/div>\n<div style=\"text-align: center;\" data-canvas-width=\"579.4773333333335\">Oboje jeste\u015bmy pedagogami pracuj\u0105cymi nad rozwojem werbalnym. M\u0105\u017c, Tomasz Brawa\u0144ski jest do\u015bwiadczonym logoped\u0105 i neurologoped\u0105, specjalizuje si\u0119 w pracy nad p\u0142ynno\u015bci\u0105 mowy, by\u0142 wieloletnim wyk\u0142adowc\u0105 na Uniwersytecie \u015al\u0105skim w Katowicach, jest praktykiem z du\u017cym do\u015bwiadczeniem w pracy z dzie\u0107mi w wieku przedszkolnym. Ja, Aleksandra Brawa\u0144ska od dwudziestu o\u015bmiu lat jestem nauczycielem j\u0119zyka angielskiego, prowadz\u0105c zaj\u0119cia z dzie\u0107mi, r\u00f3wnie\u017c w wieku przedszkolnym jak i nastolatkami i doros\u0142ymi.<\/div>\n<div data-canvas-width=\"579.4773333333335\"><\/div>\n<div style=\"text-align: center;\" data-canvas-width=\"579.4773333333335\">W \u015bwiecie multimedi\u00f3w coraz rzadziej zwracamy uwag\u0119 na poprawno\u015b\u0107 wypowiedzi, tempo mowy, akcent, czy dob\u00f3r s\u0142\u00f3w, jest to jednak istotny element naszego \u017cycia. Dobry m\u00f3wca odnosi sukcesy w ka\u017cdej dziedzinie, jest postrzegany jako cz\u0142owiek szcz\u0119\u015bliwy, spe\u0142niony i szanowany. Wiek przedszkolny to najlepszy czas aby rozpocz\u0105\u0107 kszta\u0142towanie u dzieci cech dobrego m\u00f3wcy, w spos\u00f3b naturalny, zabawowy b\u0119dziemy kszta\u0142ci\u0107 t\u0119 umiej\u0119tno\u015b\u0107, wykorzystuj\u0105c taniec, zaj\u0119cia artystyczne, sportowe, nauk\u0119 j\u0119zyk\u00f3w obcych jak r\u00f3wnie\u017c zapewniaj\u0105c dzieciom harmonijny rozw\u00f3j pod opiek\u0105 specjalist\u00f3w: psycholog\u00f3w, pedagog\u00f3w, logoped\u00f3w i rehabilitant\u00f3w.<\/div>\n<div style=\"text-align: center;\"><\/div>\n<div><img loading=\"lazy\" class=\" wp-image-2776 aligncenter\" src=\"https:\/\/www.e-teczowakraina.pl\/wp-content\/uploads\/2023\/06\/Bez-tytulu2-300x200.png\" alt=\"\" width=\"439\" height=\"293\" srcset=\"https:\/\/www.e-teczowakraina.pl\/wp-content\/uploads\/2023\/06\/Bez-tytulu2-300x200.png 300w, https:\/\/www.e-teczowakraina.pl\/wp-content\/uploads\/2023\/06\/Bez-tytulu2-768x511.png 768w, https:\/\/www.e-teczowakraina.pl\/wp-content\/uploads\/2023\/06\/Bez-tytulu2.png 993w\" sizes=\"(max-width: 439px) 100vw, 439px\" \/><\/div>\n","protected":false},"excerpt":{"rendered":"<p>Drogi Rodzicu, Pierwszy czerwca, to dla ka\u017cdego dziecka szczeg\u00f3lny dzie\u0144, dla nas te\u017c jest to dzie\u0144 wyj\u0105tkowy, bo w\u0142a\u015bnie 1 czerwca 2023 r. przej\u0119li\u015bmy przedszkole j\u0119zykowo- artystyczne, T\u0119czowa Kraina. W tym pi\u0119knym, przytulnym miejscu, otoczonym natur\u0105 tworzymy Akademi\u0119 Dobrego M\u00f3wcy, nasza koncepcja pracy z dzie\u0107mi wynika z wieloletniego do\u015bwiadczenia zawodowego. [&hellip;]<\/p>\n","protected":false},"author":1,"featured_media":0,"comment_status":"open","ping_status":"open","sticky":false,"template":"","format":"standard","meta":[],"categories":[1],"tags":[],"_links":{"self":[{"href":"https:\/\/www.e-teczowakraina.pl\/index.php\/wp-json\/wp\/v2\/posts\/2775"}],"collection":[{"href":"https:\/\/www.e-teczowakraina.pl\/index.php\/wp-json\/wp\/v2\/posts"}],"about":[{"href":"https:\/\/www.e-teczowakraina.pl\/index.php\/wp-json\/wp\/v2\/types\/post"}],"author":[{"embeddable":true,"href":"https:\/\/www.e-teczowakraina.pl\/index.php\/wp-json\/wp\/v2\/users\/1"}],"replies":[{"embeddable":true,"href":"https:\/\/www.e-teczowakraina.pl\/index.php\/wp-json\/wp\/v2\/comments?post=2775"}],"version-history":[{"count":1,"href":"https:\/\/www.e-teczowakraina.pl\/index.php\/wp-json\/wp\/v2\/posts\/2775\/revisions"}],"predecessor-version":[{"id":2777,"href":"https:\/\/www.e-teczowakraina.pl\/index.php\/wp-json\/wp\/v2\/posts\/2775\/revisions\/2777"}],"wp:attachment":[{"href":"https:\/\/www.e-teczowakraina.pl\/index.php\/wp-json\/wp\/v2\/media?parent=2775"}],"wp:term":[{"taxonomy":"category","embeddable":true,"href":"https:\/\/www.e-teczowakraina.pl\/index.php\/wp-json\/wp\/v2\/categories?post=2775"},{"taxonomy":"post_tag","embeddable":true,"href":"https:\/\/www.e-teczowakraina.pl\/index.php\/wp-json\/wp\/v2\/tags?post=2775"}],"curies":[{"name":"wp","href":"https:\/\/api.w.org\/{rel}","templated":true}]}}